[{"@context":"https:\/\/schema.org\/","@type":"Article","@id":"https:\/\/www.spov.cz\/ulehceni-prace-ano-ale-ne-na-ukor-kvality-zazitku\/#Article","mainEntityOfPage":"https:\/\/www.spov.cz\/ulehceni-prace-ano-ale-ne-na-ukor-kvality-zazitku\/","headline":"Uleh\u010den\u00ed pr\u00e1ce ano, ale ne na \u00fakor kvality z\u00e1\u017eitku","name":"Uleh\u010den\u00ed pr\u00e1ce ano, ale ne na \u00fakor kvality z\u00e1\u017eitku","description":"\u010clov\u011bk, kdy\u017e chce b\u00fdt v \u017eivot\u011b skute\u010dn\u011b \u00fasp\u011b\u0161n\u00fdm, tak mus\u00ed hledat efektivn\u00ed cesty, jak zvl\u00e1dnout \u017eivotn\u00ed n\u00e1strahy, probl\u00e9my a situace, kter\u00e9 p\u0159ed n\u011bj postav\u00ed \u017eivot osobn\u00ed i profesn\u00ed. Ob\u010das se ka\u017ed\u00e9mu z n\u00e1s zd\u00e1, \u017ee toho m\u00e1me a\u017e nad hlavu, \u017ee to nem\u016f\u017eeme zvl\u00e1dnout, stihnout a \u017ee n\u00e1s cel\u00fd okoln\u00ed sv\u011bt drt\u00ed. A to je [&hellip;]","datePublished":"2024-04-04","dateModified":"2024-04-04","author":{"@type":"Person","@id":"https:\/\/www.spov.cz\/author\/#Person","name":"","url":"https:\/\/www.spov.cz\/author\/","identifier":1,"image":{"@type":"ImageObject","@id":"https:\/\/secure.gravatar.com\/avatar\/40b5f3ce562f556955b189273c919e65fd2efecc17411a60d9172af88d0e5d58?s=96&d=mm&r=g","url":"https:\/\/secure.gravatar.com\/avatar\/40b5f3ce562f556955b189273c919e65fd2efecc17411a60d9172af88d0e5d58?s=96&d=mm&r=g","height":96,"width":96}},"publisher":{"@type":"Organization","name":"spov.cz","logo":{"@type":"ImageObject","@id":"\/logo.png","url":"\/logo.png","width":600,"height":60}},"url":"https:\/\/www.spov.cz\/ulehceni-prace-ano-ale-ne-na-ukor-kvality-zazitku\/","wordCount":241,"articleBody":"\u010clov\u011bk, kdy\u017e chce b\u00fdt v \u017eivot\u011b skute\u010dn\u011b \u00fasp\u011b\u0161n\u00fdm, tak mus\u00ed hledat efektivn\u00ed cesty, jak zvl\u00e1dnout \u017eivotn\u00ed n\u00e1strahy, probl\u00e9my a situace, kter\u00e9 p\u0159ed n\u011bj postav\u00ed \u017eivot osobn\u00ed i profesn\u00ed. Ob\u010das se ka\u017ed\u00e9mu z n\u00e1s zd\u00e1, \u017ee toho m\u00e1me a\u017e nad hlavu, \u017ee to nem\u016f\u017eeme zvl\u00e1dnout, stihnout a \u017ee n\u00e1s cel\u00fd okoln\u00ed sv\u011bt drt\u00ed. A to je pr\u00e1v\u011b chv\u00edle, kdy se mus\u00edme porozhl\u00e9dnout po \u0161ikovn\u00fdch nab\u00eddk\u00e1ch, kter\u00e9 n\u00e1m pr\u00e1ci uleh\u010d\u00ed. M\u00e1te za\u0159\u00eddit \u0161koln\u00ed v\u00fdlet? Naprosto nest\u00edh\u00e1te, chyb\u00ed v\u00e1m motivace, energie i \u010das? Obra\u0165te se na n\u00e1s, my u\u017e v\u00e1s z probl\u00e9m\u016f vyvedeme!V\u00edme, jak ud\u011blat d\u011btem zaj\u00edmav\u00fd programKdy\u017e vyu\u017eijete na\u0161\u00ed nab\u00eddky, tak se v\u00e1m v\u00fdrazn\u011b uleh\u010d\u00ed a i sp\u00e1t budete o mnoho klidn\u011bji. Pro\u010d, pt\u00e1te se? Proto\u017ee kdy\u017e zvol\u00edte \u0161koln\u00ed v\u00fdlet od n\u00e1s, od na\u0161\u00ed spole\u010dnosti, tak de facto u\u017e p\u0159ijdete k hotov\u00e9mu programu i \u010dasov\u00e9mu harmonogramu. \u017d\u00e1dn\u00e9 starosti pro v\u00e1s, ty jsme p\u0159evedli na sebe t\u00edm, \u017ee jsme program sestavili a otestovali. Vid\u00edte, \u017ee je to skute\u010dn\u011b dobr\u00e1 nab\u00eddka pro ka\u017ed\u00e9ho u\u010ditele, jemu\u017e jeho pracovn\u00ed vyt\u00ed\u017een\u00ed nedovol\u00ed pln\u011b se v\u011bnovat organizaci v\u00fdjezdu.                                                                                                                                                                                                                                                                                                                                                                                                "},{"@context":"https:\/\/schema.org\/","@type":"BreadcrumbList","itemListElement":[{"@type":"ListItem","position":1,"name":"Uleh\u010den\u00ed pr\u00e1ce ano, ale ne na \u00fakor kvality z\u00e1\u017eitku","item":"https:\/\/www.spov.cz\/ulehceni-prace-ano-ale-ne-na-ukor-kvality-zazitku\/#breadcrumbitem"}]}]