[{"@context":"https:\/\/schema.org\/","@type":"Article","@id":"https:\/\/www.spov.cz\/rozbity-sporak\/#Article","mainEntityOfPage":"https:\/\/www.spov.cz\/rozbity-sporak\/","headline":"Rozbit\u00fd spor\u00e1k","name":"Rozbit\u00fd spor\u00e1k","description":"Pamatuji si, kdy\u017e se mi rozbil spor\u00e1k. V\u016fbec jsem nev\u011bd\u011bla, co se stalo. M\u011bla jsem zato, \u017ee zase vypadl proud. Jenom\u017ee kdy\u017e jsem \u0161la v\u0161e zkontrolovat, tak pojistky jsem m\u011bla v\u0161echny nahozen\u00e9 a vypadalo to na prvn\u00ed pohled, \u017ee v\u0161echno v po\u0159\u00e1dku. Sakra, kde zase probl\u00e9m? V\u016fbec jsem tomu nerozum\u011bla. A \u017ee bych asi m\u011bla [&hellip;]","datePublished":"2022-09-18","dateModified":"2023-05-03","author":{"@type":"Person","@id":"https:\/\/www.spov.cz\/author\/#Person","name":"","url":"https:\/\/www.spov.cz\/author\/","identifier":1,"image":{"@type":"ImageObject","@id":"https:\/\/secure.gravatar.com\/avatar\/40b5f3ce562f556955b189273c919e65fd2efecc17411a60d9172af88d0e5d58?s=96&d=mm&r=g","url":"https:\/\/secure.gravatar.com\/avatar\/40b5f3ce562f556955b189273c919e65fd2efecc17411a60d9172af88d0e5d58?s=96&d=mm&r=g","height":96,"width":96}},"publisher":{"@type":"Organization","name":"spov.cz","logo":{"@type":"ImageObject","@id":"\/logo.png","url":"\/logo.png","width":600,"height":60}},"image":{"@type":"ImageObject","@id":"https:\/\/www.spov.cz\/wp-content\/uploads\/car-engine-2773263_960_720_2.jpg","url":"https:\/\/www.spov.cz\/wp-content\/uploads\/car-engine-2773263_960_720_2.jpg","height":0,"width":0},"url":"https:\/\/www.spov.cz\/rozbity-sporak\/","wordCount":416,"articleBody":"       Pamatuji si, kdy\u017e se mi rozbil spor\u00e1k. V\u016fbec jsem nev\u011bd\u011bla, co se stalo. M\u011bla jsem zato, \u017ee zase vypadl proud. Jenom\u017ee kdy\u017e jsem \u0161la v\u0161e zkontrolovat, tak pojistky jsem m\u011bla v\u0161echny nahozen\u00e9 a vypadalo to na prvn\u00ed pohled, \u017ee v\u0161echno v po\u0159\u00e1dku. Sakra, kde zase probl\u00e9m? V\u016fbec jsem tomu nerozum\u011bla. A \u017ee bych asi m\u011bla koupit nov\u00fd spor\u00e1k? To m\u011b taky napadlo, ale samoz\u0159ejm\u011b nem\u00e1m pen\u00edze, proto\u017ee v\u0161echno je drah\u00e9, a tak jsem si \u0159ekla, \u017ee rad\u011bji budu kupovat j\u00eddlo a dal\u0161\u00ed hygienick\u00e9 pot\u0159eby, \u017ee abych si koupila nov\u00fd spor\u00e1k. Jenom\u017ee pozd\u011bji, asi po dvou dnech, jsem se dozv\u011bd\u011bla, \u017ee ten spor\u00e1k st\u00e1le blbne. \u017de chvilku funguje a chvilku zase nefunguje. Tak jsem si \u0159ekla, zkus\u00edm zavolat n\u011bjak\u00e9ho oprav\u00e1\u0159e. Jako prvn\u00ed jsem si rad\u011bji zavolala instalat\u00e9ra z Ostravy. A proto\u017ee bydl\u00edm v Ostrav\u011b, tak je logick\u00e9, \u017ee budu volat instalat\u00e9ra z Ostravy.Byla jsem docela v \u0161oku, kdy\u017e p\u0159i\u0161el instalat\u00e9r a \u0159ekl mi, \u017ee tam m\u00e1m ve spor\u00e1ku \u0161patn\u00e9 kontakty. Samoz\u0159ejm\u011b, \u017ee jsem v\u016fbec nev\u011bd\u011bla o co se jedn\u00e1. A byly to pr\u00fd n\u011bjak\u00e9 kontakty v n\u011bjak\u00fdch dr\u00e1tc\u00edch ve spor\u00e1ku. No, kdo to mohl v\u011bd\u011bt? J\u00e1 jako \u017eena se v tom v\u016fbec nevyzn\u00e1m. Tak\u017ee jsem si \u0159ekla, \u017ee to je pr\u00e1ce pr\u00e1v\u011b pro instalat\u00e9ra. A proto\u017ee jsem sly\u0161ela, \u017ee ostrav\u0161t\u00ed instalat\u00e9\u0159i jsou velmi \u0161ikovn\u00ed, tak jsem se neb\u00e1la nechat spor\u00e1k v instalat\u00e9rovi v jeho rukou. Byla jsem r\u00e1da, kdy\u017e do p\u016fl hodiny bylo v\u0161echno hotov\u00e9. Dokonce instalat\u00e9r z Ostravy mi d\u00e1 taky velkou slevu. A jsem opravdu r\u00e1da, \u017ee m\u00e1m spor\u00e1k v pohod\u011b. Taky mi nechal zkontrolovat pojistky a \u0159ekl, \u017ee v\u0161echno vypad\u00e1 v po\u0159\u00e1dku. Tak\u017ee jsem r\u00e1da, \u017ee probl\u00e9m byl ve spor\u00e1ku, a ne celkov\u011b v pojistk\u00e1ch. A v\u00e1m se u\u017e n\u011bkdy n\u011bco stalo, \u017ee jste si s t\u00edm sami nev\u011bd\u011bli rady? A co teprve hlavn\u011b my \u017eeny. Sice v\u00edm, \u017ee jsou \u017eeny, kter\u00e9 se vyznaj\u00ed v technice, ale je taky mnoho \u017ee, jako j\u00e1. Ty, kter\u00e9 instalat\u00e9ra z Ostravy pot\u0159ebuj\u00ed \u010dasto.                                                                                                                                                                                                                                                                                                                                                                                                   "},{"@context":"https:\/\/schema.org\/","@type":"BreadcrumbList","itemListElement":[{"@type":"ListItem","position":1,"name":"Rozbit\u00fd spor\u00e1k","item":"https:\/\/www.spov.cz\/rozbity-sporak\/#breadcrumbitem"}]}]