[{"@context":"https:\/\/schema.org\/","@type":"Article","@id":"https:\/\/www.spov.cz\/nova-technika\/#Article","mainEntityOfPage":"https:\/\/www.spov.cz\/nova-technika\/","headline":"Nov\u00e1 technika","name":"Nov\u00e1 technika","description":"Technika v\u017edycky nebyla moje siln\u00e1 str\u00e1nka. V technice jsem se nikdy nevyznala, zat\u00edmco t\u0159eba m\u016fj bratr se v technice vyznal, proto\u017ee cht\u011bl v\u017edycky studovat n\u011bjakou technickou vysokou \u0161kolu. \u0158\u00edkala jsem si, \u017ee asi mus\u00ed b\u00fdt bl\u00e1zen, proto\u017ee kdy\u017e si mi bratr vypr\u00e1v\u011bl, co v\u0161echno se bude na t\u00e9 \u0161kole technick\u00e9 u\u010dit, m\u00e1lem mi vypadly o\u010di [&hellip;]","datePublished":"2022-08-08","dateModified":"2023-05-03","author":{"@type":"Person","@id":"https:\/\/www.spov.cz\/author\/#Person","name":"","url":"https:\/\/www.spov.cz\/author\/","identifier":1,"image":{"@type":"ImageObject","@id":"https:\/\/secure.gravatar.com\/avatar\/40b5f3ce562f556955b189273c919e65fd2efecc17411a60d9172af88d0e5d58?s=96&d=mm&r=g","url":"https:\/\/secure.gravatar.com\/avatar\/40b5f3ce562f556955b189273c919e65fd2efecc17411a60d9172af88d0e5d58?s=96&d=mm&r=g","height":96,"width":96}},"publisher":{"@type":"Organization","name":"spov.cz","logo":{"@type":"ImageObject","@id":"\/logo.png","url":"\/logo.png","width":600,"height":60}},"image":{"@type":"ImageObject","@id":"https:\/\/www.spov.cz\/wp-content\/uploads\/motorcycle-4652600_960_720.jpg","url":"https:\/\/www.spov.cz\/wp-content\/uploads\/motorcycle-4652600_960_720.jpg","height":0,"width":0},"url":"https:\/\/www.spov.cz\/nova-technika\/","about":["Technika"],"wordCount":401,"articleBody":"Technika v\u017edycky nebyla moje siln\u00e1 str\u00e1nka. V technice jsem se nikdy nevyznala, zat\u00edmco t\u0159eba m\u016fj bratr se v technice vyznal, proto\u017ee cht\u011bl v\u017edycky studovat n\u011bjakou technickou vysokou \u0161kolu. \u0158\u00edkala jsem si, \u017ee asi mus\u00ed b\u00fdt bl\u00e1zen, proto\u017ee kdy\u017e si mi bratr vypr\u00e1v\u011bl, co v\u0161echno se bude na t\u00e9 \u0161kole technick\u00e9 u\u010dit, m\u00e1lem mi vypadly o\u010di z d\u016flk\u016f. Absolutn\u011b jsem nech\u00e1pala, o \u010dem to bratr mluv\u00ed. V\u0161elijak\u00e9 technick\u00e9 dovednosti a nebo technick\u00e9 v\u00fdrazy ti term\u00edny jsem absolutn\u011b nech\u00e1pala. A tak mi bratr potom uk\u00e1zal na internetu r\u016fzn\u00e1 videa, co by se t\u0159eba na t\u00e9 vysok\u00e9 technick\u00e9 \u0161kole u\u010dil. Stejn\u011b m\u011b to moc nezaj\u00edmalo, ale docela jsem byla zv\u011bdav\u00e1. A koukala jsem se jenom asi p\u011bt minut, proto\u017ee pak m\u011b z\u00e1jem o pustil. A stejn\u011b jsem tomu nerozum\u011bla, tak\u017ee by bylo zbyte\u010dn\u00e9, abych se na to d\u00edvala. Rad\u011bji jsem si \u0159ekla, \u017ee p\u016fjdu s kamar\u00e1dkou ven.A potom m\u011b velmi zaujala a p\u0159ekvapila moje kamar\u00e1dka. Proto\u017ee\u00a0ona m\u011bla\u00a0elektrokolo. V\u016fbec jsem nev\u011bd\u011bla, kde to kolo vzala. \u0158ekla mi, \u017ee j\u00ed to p\u016fj\u010dil a jej\u00ed teta. Byla jsem v \u0161oku, \u017ee kolo m\u016f\u017ee jezdit samo. Tedy sice ne \u00fapln\u011b samo, proto\u017ee \u010dlov\u011bk mus\u00ed i na\u00a0elektrokole\u00a0\u0161lapat, ale byla jsem i tak z toho\u00a0unesen\u00e1. A v t\u00e9 dob\u011b, kdy kamar\u00e1dka m\u011bla p\u016fj\u010den\u00e9\u00a0elektrokolo, bylo to je\u0161t\u011b docela takov\u00e9 zaj\u00edmav\u00e9 a netradi\u010dn\u00ed, tak\u017ee jsem to taky cht\u011bla zkusit.\u00a0 Mysl\u00edm si, \u017ee v tomto ohledu je v\u00fdkv\u011bt techniky opravdu velk\u00fd a taky docela dost zaj\u00edmav\u00fd. L\u00edbilo se mi a j\u00e1 jsem si to taky p\u0159\u00e1la, jenom\u017ee v t\u00e9 dob\u011b je\u0161t\u011b st\u00e1lo kolem osmdes\u00e1ti tis\u00edc korun. Dnes se\u017eenete\u00a0elektrokolo\u00a0taky za dvacet tis\u00edc korun. Mysl\u00edm si, \u017ee\u00a0elektrokola\u00a0jsou opravdu skv\u011bl\u00fd technick\u00fd vyn\u00e1lez a taky u\u0161et\u0159\u00ed mnoha lidem spoustu \u010dasu a taky energie. Nyn\u00ed po letech pozd\u011bji jsem si\u00a0elektrokolo\u00a0po\u0159\u00eddila\u00a0nejenom\u00a0j\u00e1,\u00a0ale\u00a0taky moje m\u00e1ma. M\u00e1ma\u00a0nem\u00e1\u00a0auto,\u00a0tak\u017ee\u00a0je pr\u00fd velmi r\u00e1da za to, \u017ee m\u00e1\u00a0kone\u010dn\u011b\u00a0elektrokolo.\u00a0                                                                                                                                                                                                                                                                                                                                                                                                "},{"@context":"https:\/\/schema.org\/","@type":"BreadcrumbList","itemListElement":[{"@type":"ListItem","position":1,"name":"Nov\u00e1 technika","item":"https:\/\/www.spov.cz\/nova-technika\/#breadcrumbitem"}]}]