[{"@context":"https:\/\/schema.org\/","@type":"Article","@id":"https:\/\/www.spov.cz\/mista-ktera-stoji-za-navstiveni-v-jesenikach\/#Article","mainEntityOfPage":"https:\/\/www.spov.cz\/mista-ktera-stoji-za-navstiveni-v-jesenikach\/","headline":"M\u00edsta, kter\u00e1 stoj\u00ed za nav\u0161t\u00edven\u00ed v Jesen\u00edk\u00e1ch","name":"M\u00edsta, kter\u00e1 stoj\u00ed za nav\u0161t\u00edven\u00ed v Jesen\u00edk\u00e1ch","description":"Ka\u017ed\u00e9 hory stoj\u00ed za n\u00e1v\u0161t\u011bvu a ka\u017ed\u00e9 hory maj\u00ed svoje m\u00edsta, kter\u00e1 opravdu stoj\u00ed za n\u00e1v\u0161t\u011bvu. Ne \u017ee by ty ostatn\u00ed m\u00edsta za n\u00e1v\u0161t\u011bvu nest\u00e1la, ale jsou takov\u00e1, kter\u00e1 v\u00e1m daj\u00ed je\u0161t\u011b n\u011bco v\u00edc. Jak\u00e1 najdete v\u00a0Jesenick\u00fdch hor\u00e1ch? Prad\u011bd Prad\u011bd je dominantou Jesenick\u00fdch hor. Jedn\u00e1 se o druhou nejvy\u0161\u0161\u00ed \u010deskou horu \u2013 vysokou 1492 metr\u016f. [&hellip;]","datePublished":"2025-03-01","dateModified":"2023-05-03","author":{"@type":"Person","@id":"https:\/\/www.spov.cz\/author\/#Person","name":"","url":"https:\/\/www.spov.cz\/author\/","identifier":1,"image":{"@type":"ImageObject","@id":"https:\/\/secure.gravatar.com\/avatar\/40b5f3ce562f556955b189273c919e65fd2efecc17411a60d9172af88d0e5d58?s=96&d=mm&r=g","url":"https:\/\/secure.gravatar.com\/avatar\/40b5f3ce562f556955b189273c919e65fd2efecc17411a60d9172af88d0e5d58?s=96&d=mm&r=g","height":96,"width":96}},"publisher":{"@type":"Organization","name":"spov.cz","logo":{"@type":"ImageObject","@id":"\/logo.png","url":"\/logo.png","width":600,"height":60}},"image":{"@type":"ImageObject","@id":"https:\/\/www.spov.cz\/wp-content\/uploads\/img_a342358_w2654_t1555166477.jpg","url":"https:\/\/www.spov.cz\/wp-content\/uploads\/img_a342358_w2654_t1555166477.jpg","height":0,"width":0},"url":"https:\/\/www.spov.cz\/mista-ktera-stoji-za-navstiveni-v-jesenikach\/","wordCount":409,"articleBody":"Ka\u017ed\u00e9 hory stoj\u00ed za n\u00e1v\u0161t\u011bvu a ka\u017ed\u00e9 hory maj\u00ed svoje m\u00edsta, kter\u00e1 opravdu stoj\u00ed za n\u00e1v\u0161t\u011bvu. Ne \u017ee by ty ostatn\u00ed m\u00edsta za n\u00e1v\u0161t\u011bvu nest\u00e1la, ale jsou takov\u00e1, kter\u00e1 v\u00e1m daj\u00ed je\u0161t\u011b n\u011bco v\u00edc. Jak\u00e1 najdete v\u00a0Jesenick\u00fdch hor\u00e1ch?\tPrad\u011bd\tPrad\u011bd je dominantou Jesenick\u00fdch hor. Jedn\u00e1 se o druhou nejvy\u0161\u0161\u00ed \u010deskou horu \u2013 vysokou 1492 metr\u016f. Na vrcholu hory se nach\u00e1z\u00ed vys\u00edla\u010d, kter\u00fd nab\u00edz\u00ed tak\u00e9 vyhl\u00eddku pro turisty. Tato v\u011b\u017e byla uvedena do provozu v\u00a0roce 1980, i kdy\u017e stavba byla zah\u00e1jena v\u00a0roce 1969. Pro\u010d se stav\u011bl tak dlouho? Na Prad\u011bdu jsou velice n\u00e1ro\u010dn\u00e9 pov\u011btrnostn\u00ed podm\u00ednky, proto se dalo stav\u011bt maxim\u00e1ln\u011b polovinu roku. Pokud dojdete na Prad\u011bd, m\u016f\u017eete vyu\u017e\u00edt sjezdu na kolob\u011b\u017ece zp\u00e1tky dol\u016f na Ov\u010d\u00e1rnu. Na Prad\u011bd vede spousta cest, v\u0161echny jsou opravdu kr\u00e1sn\u00e9 ale jedna z\u00a0nejhez\u010d\u00edch je stezka B\u00edl\u00e9 Opavy.\tV\u0159esov\u00e1 stud\u00e1nka\tPoutn\u00ed m\u00edsto se nach\u00e1z\u00ed v\u00a0kr\u00e1sn\u00e9 v\u00fd\u0161ce 1313 metr\u016f. Kr\u00e1sn\u00e9 \u010d\u00edslo a je\u0161t\u011b hez\u010d\u00ed m\u00edsto. Najdete zde dochovan\u00e9 z\u00e1klady kaple. Na m\u00edst\u011b st\u00e1la tak\u00e9 horsk\u00e1 chata, dnes se ji\u017e na m\u00edst\u011b nenach\u00e1z\u00ed. V\u0159esov\u00e1 stud\u00e1nka je kr\u00e1sn\u00fdm poutn\u00edm m\u00edstem, kter\u00e9 je jako stvo\u0159en\u00e9 k\u00a0meditaci a k\u00a0odpo\u010dinku. V\u00a0sou\u010dasn\u00e9 dob\u011b se hodn\u011b diskutuje o obnov\u011b poutn\u00edho m\u00edsta a vybudov\u00e1n\u00ed nov\u00e9 chaty, jako n\u00e1hrady za tu, kter\u00e1 v\u00a0roce 1892 vyho\u0159ela a jej\u00ed n\u00e1hrada byla v\u00a0roce 1988 zbour\u00e1na.\t\tDlouh\u00e9 str\u00e1n\u011b\tM\u00edsto nejen kr\u00e1sn\u00fdch v\u00fdhled\u016f ale p\u0159edev\u0161\u00edm technick\u00e9ho divu sv\u011bta, j\u00edm\u017e p\u0159e\u010derp\u00e1vac\u00ed vodn\u00ed elektr\u00e1rna Dlouh\u00e9 str\u00e1n\u011b jsou. Tato elektr\u00e1rna se nach\u00e1z\u00ed z\u00a0velk\u00e9 \u010d\u00e1sti pod zem\u00ed, ale jej\u00ed provozovatel provozuje exkurze pro turisty. Na vrchol masivu Mravene\u010dn\u00edk se m\u016f\u017eete dostat bu\u010f p\u011b\u0161ky z\u00a0Kout\u016f nad Desnou, lanovkou z\u00a0t\u00e9ho\u017e m\u00edsta k\u00a0Tet\u0159ev\u00ed chat\u011b a pot\u00e9 op\u011bt p\u011b\u0161ky, nebo se nechat nahoru vyv\u00e9st linkov\u00fdm autobusem. Samoz\u0159ejm\u011b se jedn\u00e1 o vrchol perfektn\u011b sj\u00edzdn\u00fd na kole, ale po\u010d\u00edtejte s\u00a0t\u00edm, \u017ee je cesta opravdu prudk\u00e1. Trasa je tak\u00e9 velice obl\u00edben\u00e1 na b\u011b\u017ek\u00e1ch.                                                                                                                                                                                                                                                                                                                                                                                                "},{"@context":"https:\/\/schema.org\/","@type":"BreadcrumbList","itemListElement":[{"@type":"ListItem","position":1,"name":"M\u00edsta, kter\u00e1 stoj\u00ed za nav\u0161t\u00edven\u00ed v Jesen\u00edk\u00e1ch","item":"https:\/\/www.spov.cz\/mista-ktera-stoji-za-navstiveni-v-jesenikach\/#breadcrumbitem"}]}]