[{"@context":"https:\/\/schema.org\/","@type":"Article","@id":"https:\/\/www.spov.cz\/kde-jet-v-severnim-nizozemsku-a-proc-zrovna-do-friska\/#Article","mainEntityOfPage":"https:\/\/www.spov.cz\/kde-jet-v-severnim-nizozemsku-a-proc-zrovna-do-friska\/","headline":"Kde jet v severn\u00edm Nizozemsku, a pro\u010d zrovna do Fr\u00edska?","name":"Kde jet v severn\u00edm Nizozemsku, a pro\u010d zrovna do Fr\u00edska?","description":"OLDHOVE \u00a0 Jedn\u00e1 se o starou budovu nach\u00e1zej\u00edc\u00ed se v\u00a0centru m\u011bsta Leeuwarden. P\u016fvodn\u011b to m\u011bla b\u00fdt kosteln\u00ed v\u011b\u017e, nakonec v\u0161ak z\u016fstala nedostav\u011bna. Mezi d\u016fvody jist\u011b pat\u0159\u00ed i jej\u00ed naklon\u011bn\u00ed, kter\u00e9 je v\u011bt\u0161\u00ed ne\u017e u sv\u011btozn\u00e1m\u00e9 v\u011b\u017ei v\u00a0Pise. Pokud se rozhodnete jet do t\u00e9to destinace, pod\u00edvejte se z\u00a0vrcholku t\u00e9to stavby jen odtud uvid\u00edte m\u00edle daleko. PLAVBA [&hellip;]","datePublished":"2025-03-01","dateModified":"2023-05-03","author":{"@type":"Person","@id":"https:\/\/www.spov.cz\/author\/#Person","name":"","url":"https:\/\/www.spov.cz\/author\/","identifier":1,"image":{"@type":"ImageObject","@id":"https:\/\/secure.gravatar.com\/avatar\/40b5f3ce562f556955b189273c919e65fd2efecc17411a60d9172af88d0e5d58?s=96&d=mm&r=g","url":"https:\/\/secure.gravatar.com\/avatar\/40b5f3ce562f556955b189273c919e65fd2efecc17411a60d9172af88d0e5d58?s=96&d=mm&r=g","height":96,"width":96}},"publisher":{"@type":"Organization","name":"spov.cz","logo":{"@type":"ImageObject","@id":"\/logo.png","url":"\/logo.png","width":600,"height":60}},"image":{"@type":"ImageObject","@id":"https:\/\/www.spov.cz\/wp-content\/uploads\/img_a334684_w2768_t1548261938.jpg","url":"https:\/\/www.spov.cz\/wp-content\/uploads\/img_a334684_w2768_t1548261938.jpg","height":0,"width":0},"url":"https:\/\/www.spov.cz\/kde-jet-v-severnim-nizozemsku-a-proc-zrovna-do-friska\/","wordCount":428,"articleBody":"\tOLDHOVE\t\u00a0\tJedn\u00e1 se o starou budovu nach\u00e1zej\u00edc\u00ed se v\u00a0centru m\u011bsta Leeuwarden. P\u016fvodn\u011b to m\u011bla b\u00fdt kosteln\u00ed v\u011b\u017e, nakonec v\u0161ak z\u016fstala nedostav\u011bna. Mezi d\u016fvody jist\u011b pat\u0159\u00ed i jej\u00ed naklon\u011bn\u00ed, kter\u00e9 je v\u011bt\u0161\u00ed ne\u017e u sv\u011btozn\u00e1m\u00e9 v\u011b\u017ei v\u00a0Pise. Pokud se rozhodnete jet do t\u00e9to destinace, pod\u00edvejte se z\u00a0vrcholku t\u00e9to stavby jen odtud uvid\u00edte m\u00edle daleko.\t\tPLAVBA KAN\u00c1LY\t\u00a0\tJedete do Nizozemska a chcete si u\u017e\u00edt trochu z\u00a0Ben\u00e1tek? Vyu\u017eijte plavby lod\u00ed kan\u00e1ly, kter\u00e9 m\u011bstem prot\u00e9kaj\u00ed. Na t\u011bchto lo\u010fk\u00e1ch je p\u0159\u00edtomen i pr\u016fvodce a ten v\u00e1s sezn\u00e1m\u00ed s\u00a0historii m\u011bsta, a je\u0161t\u011b se pod\u00edv\u00e1te na toto m\u011bsto tro\u0161ku jinak.\t\u00a0\tBLOKHUISPOORT\t\u00a0\tBudova s\u00a0t\u011b\u017ek\u00fdm n\u00e1zvem pro vysloven\u00ed a tak\u00e9 s\u00a0t\u011b\u017ekou histori\u00ed. V\u00a0minulosti se jednalo o v\u011bzen\u00ed. V\u00a0pozd\u011bj\u0161\u00ed dob\u011b za\u010dalo ch\u00e1trat a pozd\u011bji bylo opraveno. Dnes se v\u00a0n\u011bm po\u0159\u00e1d\u00e1 spousty kulturn\u00edch akc\u00ed. V\u011bt\u0161ina budovy byla p\u0159estav\u011bna na kulturn\u00ed m\u00edsta, kancel\u00e1\u0159e a z\u00a0n\u011bkter\u00fdch se staly \u010d\u00e1sti historick\u00e9ho muzea.\t\tMUZEUM\t\u00a0\tToto muzeum sb\u00edr\u00e1 hlavn\u011b v\u011bci, n\u011bjak\u00fdm zp\u016fsobem spojen\u00e9 s\u00a0oblast\u00ed Fr\u00edska a prov\u00e1d\u00ed prohl\u00eddky v\u017edy zam\u011b\u0159uj\u00edc\u00ed se na ur\u010dit\u00e9 obdob\u00ed \u010di osobu. Nap\u0159\u00edklad v bl\u00edzk\u00e9 tu budou expozice t\u00fdkaj\u00edc\u00ed se nejv\u00fdznamn\u011bj\u0161\u00edch lid\u00ed, co tam \u017eili, tedy M.C. Escher a Mata Hari\u2026ta se dokonce narodila v\u00a0Leeuwardenu a m\u00e1 v\u00a0jej\u00edm rodn\u00e9m dom\u011b, kde mimochodem str\u00e1vila i cel\u00e9 d\u011btstv\u00ed, malou informa\u010dn\u00ed kancel\u00e1\u0159.\t\u00a0\tDE GROENE STER\t\u00a0\tJde o p\u0159\u00edrodn\u00ed park le\u017e\u00edc\u00ed asi dvacet minut od m\u011bsta. Na pohled se zd\u00e1, \u017ee se snad jedn\u00e1 o p\u0159\u00edrodn\u00ed \u00fakaz. Opak je pravdou. Tento park byl vybudov\u00e1n v\u00a060. letech minul\u00e9ho stolet\u00ed a je ur\u010den k\u00a0rekreaci. Zab\u00edr\u00e1 p\u0159es 1000 hektar\u016f. Naleznete zde jez\u00edrka, cyklostezky, pl\u00e1\u017ee, a dokonce vodn\u00ed zoo. Samoz\u0159ejmost\u00ed je tak\u00e9 mo\u017enost kempov\u00e1n\u00ed a rozd\u011bl\u00e1v\u00e1n\u00ed ohn\u011b.\t\u00a0\tOSTROV AMELAND\t\u00a0\t\u017de chcete vid\u011bt m\u00edsto, kde m\u00edstn\u00ed tr\u00e1v\u00ed svou dovolenou, kdy\u017e nejedou do ciziny? Pr\u00e1v\u011b jste ho na\u0161li. Na tomto ostrov\u011b \u017eije n\u011bco m\u00e1lo p\u0159es 3500 lid\u00ed. Toto m\u00edsto oslov\u00ed hlavn\u011b milovn\u00edky ptactva, jeliko\u017e zde \u017eije p\u0159es 60 druh\u016f t\u011bchto tvor\u016f.                                                                                                                                                                                                                                                                                                                                                                                                "},{"@context":"https:\/\/schema.org\/","@type":"BreadcrumbList","itemListElement":[{"@type":"ListItem","position":1,"name":"Kde jet v severn\u00edm Nizozemsku, a pro\u010d zrovna do Fr\u00edska?","item":"https:\/\/www.spov.cz\/kde-jet-v-severnim-nizozemsku-a-proc-zrovna-do-friska\/#breadcrumbitem"}]}]